{"id":2681,"date":"2026-04-28T07:58:08","date_gmt":"2026-04-28T05:58:08","guid":{"rendered":"https:\/\/onlybio.life\/blog\/?p=2681"},"modified":"2026-04-30T08:11:47","modified_gmt":"2026-04-30T06:11:47","slug":"fryzura-komunijna","status":"publish","type":"post","link":"https:\/\/onlybio.life\/blog\/fryzura-komunijna\/","title":{"rendered":"Fryzura komunijna \u2013 najpi\u0119kniejsze inspiracje"},"content":{"rendered":"","protected":false},"excerpt":{"rendered":"<p>Przyj\u0119cie Pierwszej Komunii \u015awi\u0119tej stanowi dla ka\u017cdego dziecka bardzo wa\u017cny mement w \u017cyciu, pe\u0142en wzrusze\u0144 i emocji, a tak\u017ce pi\u0119knych, niezapomnianych stylizacji, kt\u00f3re pozwalaj\u0105 podkre\u015bli\u0107 wyj\u0105tkowo\u015b\u0107 tego dnia. Oczywi\u015bcie, nic w tym dziwnego \u2013 odpowiednio dobrana, dziewcz\u0119ca fryzura, pasuj\u0105ca do sukienki lub alby komunijnej, pozwala poczu\u0107 si\u0119 elegancko, a \u015bwi\u0105teczna stylizacja prezentuje si\u0119 harmonijnie. W tym materiale przygotowali\u015bmy przegl\u0105d najpi\u0119kniejszych inspiracji na fryzury komunijne, w dodatku dla w\u0142os\u00f3w r\u00f3\u017cnej d\u0142ugo\u015bci! Koniecznie sprawd\u017a, jak uczesa\u0107 m\u0142od\u0105 dam\u0119 na wa\u017cne dla niej przyj\u0119cie!<\/p>\n","protected":false},"author":2,"featured_media":2682,"comment_status":"open","ping_status":"open","sticky":false,"template":"","format":"standard","meta":{"inline_featured_image":false,"footnotes":""},"categories":[5],"tags":[],"acf":[],"yoast_head":"<!-- This site is optimized with the Yoast SEO plugin v20.12 - https:\/\/yoast.com\/wordpress\/plugins\/seo\/ -->\n<title>Fryzura komunijna \u2013 najpi\u0119kniejsze inspiracje<\/title>\n<meta name=\"description\" content=\"Poznaj najpi\u0119kniejsze inspiracje na fryzury komunijne \u2013 dla d\u0142ugich, kr\u00f3tkich i \u015bredniej d\u0142ugo\u015bci w\u0142os\u00f3w, dzi\u0119ki kt\u00f3rym ka\u017cda dziewczynka poczuje si\u0119 wyj\u0105tkowo!\" \/>\n<meta name=\"robots\" content=\"index, follow, max-snippet:-1, max-image-preview:large, max-video-preview:-1\" \/>\n<link rel=\"canonical\" href=\"https:\/\/onlybio.life\/blog\/fryzura-komunijna\/\" \/>\n<meta property=\"og:locale\" content=\"pl_PL\" \/>\n<meta property=\"og:type\" content=\"article\" \/>\n<meta property=\"og:title\" content=\"Fryzura komunijna \u2013 najpi\u0119kniejsze inspiracje\" \/>\n<meta property=\"og:description\" content=\"Poznaj najpi\u0119kniejsze inspiracje na fryzury komunijne \u2013 dla d\u0142ugich, kr\u00f3tkich i \u015bredniej d\u0142ugo\u015bci w\u0142os\u00f3w, dzi\u0119ki kt\u00f3rym ka\u017cda dziewczynka poczuje si\u0119 wyj\u0105tkowo!\" \/>\n<meta property=\"og:url\" content=\"https:\/\/onlybio.life\/blog\/fryzura-komunijna\/\" \/>\n<meta property=\"og:site_name\" content=\"blog\" \/>\n<meta property=\"article:published_time\" content=\"2026-04-28T05:58:08+00:00\" \/>\n<meta property=\"article:modified_time\" content=\"2026-04-30T06:11:47+00:00\" \/>\n<meta property=\"og:image\" content=\"https:\/\/onlybio.life\/blog\/wp-content\/uploads\/2026\/04\/fryzury-na-komunie.jpg\" \/>\n\t<meta property=\"og:image:width\" content=\"1200\" \/>\n\t<meta property=\"og:image:height\" content=\"800\" \/>\n\t<meta property=\"og:image:type\" content=\"image\/jpeg\" \/>\n<meta name=\"author\" content=\"Ekipa Onlybio\" \/>\n<meta name=\"twitter:card\" content=\"summary_large_image\" \/>\n<meta name=\"twitter:label1\" content=\"Napisane przez\" \/>\n\t<meta name=\"twitter:data1\" content=\"Ekipa Onlybio\" \/>\n<script type=\"application\/ld+json\" class=\"yoast-schema-graph\">{\"@context\":\"https:\/\/schema.org\",\"@graph\":[{\"@type\":\"WebPage\",\"@id\":\"https:\/\/onlybio.life\/blog\/fryzura-komunijna\/\",\"url\":\"https:\/\/onlybio.life\/blog\/fryzura-komunijna\/\",\"name\":\"Fryzura komunijna \u2013 najpi\u0119kniejsze inspiracje\",\"isPartOf\":{\"@id\":\"https:\/\/onlybio.life\/blog\/#website\"},\"datePublished\":\"2026-04-28T05:58:08+00:00\",\"dateModified\":\"2026-04-30T06:11:47+00:00\",\"author\":{\"@id\":\"https:\/\/onlybio.life\/blog\/#\/schema\/person\/e40d359f33017653219914f87d10cc15\"},\"description\":\"Poznaj najpi\u0119kniejsze inspiracje na fryzury komunijne \u2013 dla d\u0142ugich, kr\u00f3tkich i \u015bredniej d\u0142ugo\u015bci w\u0142os\u00f3w, dzi\u0119ki kt\u00f3rym ka\u017cda dziewczynka poczuje si\u0119 wyj\u0105tkowo!\",\"breadcrumb\":{\"@id\":\"https:\/\/onlybio.life\/blog\/fryzura-komunijna\/#breadcrumb\"},\"inLanguage\":\"pl-PL\",\"potentialAction\":[{\"@type\":\"ReadAction\",\"target\":[\"https:\/\/onlybio.life\/blog\/fryzura-komunijna\/\"]}]},{\"@type\":\"BreadcrumbList\",\"@id\":\"https:\/\/onlybio.life\/blog\/fryzura-komunijna\/#breadcrumb\",\"itemListElement\":[{\"@type\":\"ListItem\",\"position\":1,\"name\":\"Strona g\u0142\u00f3wna\",\"item\":\"https:\/\/onlybio.life\/blog\/\"},{\"@type\":\"ListItem\",\"position\":2,\"name\":\"Fryzura komunijna \u2013 najpi\u0119kniejsze inspiracje\"}]},{\"@type\":\"WebSite\",\"@id\":\"https:\/\/onlybio.life\/blog\/#website\",\"url\":\"https:\/\/onlybio.life\/blog\/\",\"name\":\"Blog\",\"description\":\"onlybio.life blog\",\"potentialAction\":[{\"@type\":\"SearchAction\",\"target\":{\"@type\":\"EntryPoint\",\"urlTemplate\":\"https:\/\/onlybio.life\/blog\/?s={search_term_string}\"},\"query-input\":\"required name=search_term_string\"}],\"inLanguage\":\"pl-PL\"},{\"@type\":\"Person\",\"@id\":\"https:\/\/onlybio.life\/blog\/#\/schema\/person\/e40d359f33017653219914f87d10cc15\",\"name\":\"Ekipa Onlybio\",\"image\":{\"@type\":\"ImageObject\",\"inLanguage\":\"pl-PL\",\"@id\":\"https:\/\/onlybio.life\/blog\/#\/schema\/person\/image\/\",\"url\":\"https:\/\/secure.gravatar.com\/avatar\/df08daa051138537a7a00f418dec76e0?s=96&d=mm&r=g\",\"contentUrl\":\"https:\/\/secure.gravatar.com\/avatar\/df08daa051138537a7a00f418dec76e0?s=96&d=mm&r=g\",\"caption\":\"Ekipa Onlybio\"},\"url\":\"https:\/\/onlybio.life\/blog\/author\/ekipa_onlybio\/\"}]}<\/script>\n<!-- \/ Yoast SEO plugin. -->","yoast_head_json":{"title":"Fryzura komunijna \u2013 najpi\u0119kniejsze inspiracje","description":"Poznaj najpi\u0119kniejsze inspiracje na fryzury komunijne \u2013 dla d\u0142ugich, kr\u00f3tkich i \u015bredniej d\u0142ugo\u015bci w\u0142os\u00f3w, dzi\u0119ki kt\u00f3rym ka\u017cda dziewczynka poczuje si\u0119 wyj\u0105tkowo!","robots":{"index":"index","follow":"follow","max-snippet":"max-snippet:-1","max-image-preview":"max-image-preview:large","max-video-preview":"max-video-preview:-1"},"canonical":"https:\/\/onlybio.life\/blog\/fryzura-komunijna\/","og_locale":"pl_PL","og_type":"article","og_title":"Fryzura komunijna \u2013 najpi\u0119kniejsze inspiracje","og_description":"Poznaj najpi\u0119kniejsze inspiracje na fryzury komunijne \u2013 dla d\u0142ugich, kr\u00f3tkich i \u015bredniej d\u0142ugo\u015bci w\u0142os\u00f3w, dzi\u0119ki kt\u00f3rym ka\u017cda dziewczynka poczuje si\u0119 wyj\u0105tkowo!","og_url":"https:\/\/onlybio.life\/blog\/fryzura-komunijna\/","og_site_name":"blog","article_published_time":"2026-04-28T05:58:08+00:00","article_modified_time":"2026-04-30T06:11:47+00:00","og_image":[{"width":1200,"height":800,"url":"https:\/\/onlybio.life\/blog\/wp-content\/uploads\/2026\/04\/fryzury-na-komunie.jpg","type":"image\/jpeg"}],"author":"Ekipa Onlybio","twitter_card":"summary_large_image","twitter_misc":{"Napisane przez":"Ekipa Onlybio"},"schema":{"@context":"https:\/\/schema.org","@graph":[{"@type":"WebPage","@id":"https:\/\/onlybio.life\/blog\/fryzura-komunijna\/","url":"https:\/\/onlybio.life\/blog\/fryzura-komunijna\/","name":"Fryzura komunijna \u2013 najpi\u0119kniejsze inspiracje","isPartOf":{"@id":"https:\/\/onlybio.life\/blog\/#website"},"datePublished":"2026-04-28T05:58:08+00:00","dateModified":"2026-04-30T06:11:47+00:00","author":{"@id":"https:\/\/onlybio.life\/blog\/#\/schema\/person\/e40d359f33017653219914f87d10cc15"},"description":"Poznaj najpi\u0119kniejsze inspiracje na fryzury komunijne \u2013 dla d\u0142ugich, kr\u00f3tkich i \u015bredniej d\u0142ugo\u015bci w\u0142os\u00f3w, dzi\u0119ki kt\u00f3rym ka\u017cda dziewczynka poczuje si\u0119 wyj\u0105tkowo!","breadcrumb":{"@id":"https:\/\/onlybio.life\/blog\/fryzura-komunijna\/#breadcrumb"},"inLanguage":"pl-PL","potentialAction":[{"@type":"ReadAction","target":["https:\/\/onlybio.life\/blog\/fryzura-komunijna\/"]}]},{"@type":"BreadcrumbList","@id":"https:\/\/onlybio.life\/blog\/fryzura-komunijna\/#breadcrumb","itemListElement":[{"@type":"ListItem","position":1,"name":"Strona g\u0142\u00f3wna","item":"https:\/\/onlybio.life\/blog\/"},{"@type":"ListItem","position":2,"name":"Fryzura komunijna \u2013 najpi\u0119kniejsze inspiracje"}]},{"@type":"WebSite","@id":"https:\/\/onlybio.life\/blog\/#website","url":"https:\/\/onlybio.life\/blog\/","name":"Blog","description":"onlybio.life blog","potentialAction":[{"@type":"SearchAction","target":{"@type":"EntryPoint","urlTemplate":"https:\/\/onlybio.life\/blog\/?s={search_term_string}"},"query-input":"required name=search_term_string"}],"inLanguage":"pl-PL"},{"@type":"Person","@id":"https:\/\/onlybio.life\/blog\/#\/schema\/person\/e40d359f33017653219914f87d10cc15","name":"Ekipa Onlybio","image":{"@type":"ImageObject","inLanguage":"pl-PL","@id":"https:\/\/onlybio.life\/blog\/#\/schema\/person\/image\/","url":"https:\/\/secure.gravatar.com\/avatar\/df08daa051138537a7a00f418dec76e0?s=96&d=mm&r=g","contentUrl":"https:\/\/secure.gravatar.com\/avatar\/df08daa051138537a7a00f418dec76e0?s=96&d=mm&r=g","caption":"Ekipa Onlybio"},"url":"https:\/\/onlybio.life\/blog\/author\/ekipa_onlybio\/"}]}},"_links":{"self":[{"href":"https:\/\/onlybio.life\/blog\/wp-json\/wp\/v2\/posts\/2681"}],"collection":[{"href":"https:\/\/onlybio.life\/blog\/wp-json\/wp\/v2\/posts"}],"about":[{"href":"https:\/\/onlybio.life\/blog\/wp-json\/wp\/v2\/types\/post"}],"author":[{"embeddable":true,"href":"https:\/\/onlybio.life\/blog\/wp-json\/wp\/v2\/users\/2"}],"replies":[{"embeddable":true,"href":"https:\/\/onlybio.life\/blog\/wp-json\/wp\/v2\/comments?post=2681"}],"version-history":[{"count":1,"href":"https:\/\/onlybio.life\/blog\/wp-json\/wp\/v2\/posts\/2681\/revisions"}],"predecessor-version":[{"id":2684,"href":"https:\/\/onlybio.life\/blog\/wp-json\/wp\/v2\/posts\/2681\/revisions\/2684"}],"wp:featuredmedia":[{"embeddable":true,"href":"https:\/\/onlybio.life\/blog\/wp-json\/wp\/v2\/media\/2682"}],"wp:attachment":[{"href":"https:\/\/onlybio.life\/blog\/wp-json\/wp\/v2\/media?parent=2681"}],"wp:term":[{"taxonomy":"category","embeddable":true,"href":"https:\/\/onlybio.life\/blog\/wp-json\/wp\/v2\/categories?post=2681"},{"taxonomy":"post_tag","embeddable":true,"href":"https:\/\/onlybio.life\/blog\/wp-json\/wp\/v2\/tags?post=2681"}],"curies":[{"name":"wp","href":"https:\/\/api.w.org\/{rel}","templated":true}]}}